{"id":1197,"date":"2018-06-01T20:23:20","date_gmt":"2018-06-01T18:23:20","guid":{"rendered":"http:\/\/www.voxi.at\/voxi\/?p=1197"},"modified":"2023-03-21T13:39:13","modified_gmt":"2023-03-21T11:39:13","slug":"hochzeit-in-niederoesterreich","status":"publish","type":"post","link":"https:\/\/www.voxi.at\/voxi\/2018\/06\/hochzeit-in-niederoesterreich\/","title":{"rendered":"Hochzeit von ~ Katharina &#038; Dieter ~ in Nieder\u00f6sterreich"},"content":{"rendered":"<p style=\"text-align: center;\">Anfang Juni hatte ich die gro\u00dfe Ehre die wundersch\u00f6ne Hochzeit von Katharina und Dieter fotografisch festzuhalten. Die beiden hatten ihre standesamtliche und kirchliche Hochzeit an einem Tag und so\u00a0begannen wir mit dem Getting Ready schon recht\u00a0fr\u00fch am Morgen. Es war eine sehr gute Entscheidung, f\u00fcr alle Programmpunkte sehr viel Zeit und\u00a0Puffer einzuplanen, denn dadurch\u00a0konnte das Brautpaar diesen sch\u00f6nen Tag ganz entspannt genie\u00dfen.<\/p>\n<p style=\"text-align: center;\">Getrennt voneinander fuhren beide zum <strong>Stift Geras<\/strong>, wo Dieter seine Katharina zum ersten Mal sehen durfte. Ich freue mich immer, wenn ich diesen zweisamen, romantischen\u00a0&#8220;First Look&#8221; mit ein wenig Distanz miterleben und fotografisch dokumentieren kann. F\u00fcr das darauffolgende Brautpaarshooting haben wir\u00a0uns 1,5 Stunden geg\u00f6nnt. Dementsprechend sind sehr\u00a0viele\u00a0wundersch\u00f6ne\u00a0Bilder entstanden und die zwei Hauptpersonen waren nicht im\u00a0Geringsten gestresst. Das lag aber vielleicht auch daran, dass wir das &#8220;Fotografiertwerden&#8221; bereits beim Engagement Shooting geprobt haben (<a href=\"https:\/\/www.voxi.at\/voxi\/2018\/04\/engagement-shooting-im-stift-geras-mit-katharina-dieter\/\" target=\"_blank\" rel=\"noopener\">https:\/\/www.voxi.at\/voxi\/2018\/04\/engagement-shooting-im-stift-geras-mit-katharina-dieter\/<\/a>).<\/p>\n<p style=\"text-align: center;\">Die zwei sind echte Gl\u00fcckspilze, denn das Wetter hielt w\u00e4hrend des gesamten Brautpaar-Shootings. Es war traumhaft sch\u00f6n!\u00a0Doch kaum hatten wir das letzte Bild im Kasten, begann es zu nieseln. Uns war das herzlich egal, denn wir waren bereits im <strong>Standesamt Geras<\/strong>, als ein heftiges Sommergewitter nieder ging. Ein mit viel Wasser gesegneter Hochzeitstag also.<\/p>\n<p style=\"text-align: center;\">Nach standesamtlicher Trauung und gem\u00fctlichem Beisammensein bei Sekt und Br\u00f6tchen in kleiner Runde, fuhren wir in str\u00f6mendem Regen (ich \u00fcbertreibe nicht, wenn ich von sintflutartigen Sturzb\u00e4chen spreche) weiter Richtung <strong>Obermixnitz<\/strong>, wo Katharina und Dieter im Kreise ihrer \u00fcber hundert G\u00e4ste kirchlich getraut wurden. Die Gruppenfotos haben wir w\u00e4hrend der Agape im Pfarrgarten machen k\u00f6nnen, bevor es gemeinsam zur Tafel im <strong>Nationalparkhaus Merkersdorf<\/strong> gegangen ist.<\/p>\n<p style=\"text-align: center;\">Liebe Katharina, lieber Dieter, ich w\u00fcsche euch beiden ein gl\u00fcckliches gemeinsames Leben voller Sonnenschein &#8211; jeder Brise warmen Sommerregens m\u00f6ge blauer Himmel folgen. Danke dass ich eure Hochzeit begleiten durfte &#8211; euer heiteres Gem\u00fct, eure Freude und\u00a0euer Lachen\u00a0waren ansteckend!<\/p>\n<p style=\"text-align: center;\"><span style=\"font-family: Courier New;\">[rl_gallery id=&#8221;1198&#8243;]<\/span><\/p>\n<p style=\"text-align: center;\">Noch mehr Bilder dieser wundersch\u00f6nen Hochzeit gibt es auf <a href=\"https:\/\/kunden.voxi.at\/\" target=\"_blank\" rel=\"noopener\">https:\/\/kunden.voxi.at\/<\/a> (G\u00e4ste k\u00f6nnen einfach ihre Email-Adresse eingeben haben automatisch Zugriff).<\/p>\n","protected":false},"excerpt":{"rendered":"<p>Anfang Juni hatte ich die gro\u00dfe Ehre die wundersch\u00f6ne Hochzeit von Katharina und Dieter fotografisch festzuhalten. Die beiden hatten ihre standesamtliche und kirchliche Hochzeit an einem Tag und so\u00a0begannen wir mit dem Getting Ready schon recht\u00a0fr\u00fch am Morgen. Es war eine sehr gute Entscheidung, f\u00fcr alle Programmpunkte sehr viel Zeit und\u00a0Puffer einzuplanen, denn dadurch\u00a0konnte das [&hellip;]<\/p>\n","protected":false},"author":1,"featured_media":1125,"comment_status":"closed","ping_status":"open","sticky":false,"template":"","format":"standard","meta":{"footnotes":""},"categories":[6,9,8],"tags":[],"class_list":{"0":"post-1197","1":"post","2":"type-post","3":"status-publish","4":"format-standard","5":"has-post-thumbnail","7":"category-couples","8":"category-family","9":"category-weddings"},"_links":{"self":[{"href":"https:\/\/www.voxi.at\/voxi\/wp-json\/wp\/v2\/posts\/1197","targetHints":{"allow":["GET"]}}],"collection":[{"href":"https:\/\/www.voxi.at\/voxi\/wp-json\/wp\/v2\/posts"}],"about":[{"href":"https:\/\/www.voxi.at\/voxi\/wp-json\/wp\/v2\/types\/post"}],"author":[{"embeddable":true,"href":"https:\/\/www.voxi.at\/voxi\/wp-json\/wp\/v2\/users\/1"}],"replies":[{"embeddable":true,"href":"https:\/\/www.voxi.at\/voxi\/wp-json\/wp\/v2\/comments?post=1197"}],"version-history":[{"count":13,"href":"https:\/\/www.voxi.at\/voxi\/wp-json\/wp\/v2\/posts\/1197\/revisions"}],"predecessor-version":[{"id":1706,"href":"https:\/\/www.voxi.at\/voxi\/wp-json\/wp\/v2\/posts\/1197\/revisions\/1706"}],"wp:featuredmedia":[{"embeddable":true,"href":"https:\/\/www.voxi.at\/voxi\/wp-json\/wp\/v2\/media\/1125"}],"wp:attachment":[{"href":"https:\/\/www.voxi.at\/voxi\/wp-json\/wp\/v2\/media?parent=1197"}],"wp:term":[{"taxonomy":"category","embeddable":true,"href":"https:\/\/www.voxi.at\/voxi\/wp-json\/wp\/v2\/categories?post=1197"},{"taxonomy":"post_tag","embeddable":true,"href":"https:\/\/www.voxi.at\/voxi\/wp-json\/wp\/v2\/tags?post=1197"}],"curies":[{"name":"wp","href":"https:\/\/api.w.org\/{rel}","templated":true}]}}